{"id":441,"date":"2025-09-17T07:28:24","date_gmt":"2025-09-17T07:28:24","guid":{"rendered":"https:\/\/www.hilanimuhely.hu\/?p=441"},"modified":"2025-09-19T09:33:19","modified_gmt":"2025-09-19T09:33:19","slug":"muemlek-epulet","status":"publish","type":"post","link":"https:\/\/www.hilanimuhely.hu\/?p=441","title":{"rendered":"M\u0171eml\u00e9k \u00c9p\u00fclet"},"content":{"rendered":"\n<p><strong>Homlokzatfel\u00faj\u00edt\u00e1si terv &#8211; Esztergom, Szent Tam\u00e1s<\/strong><\/p>\n\n\n\n<p>A m\u0171eml\u00e9k ismertet\u00e9se:<\/p>\n\n\n\n<p>Az \u00e9p\u00fclet z\u00e1rtsor\u00fa be\u00e9p\u00edt\u00e9sben \u00e1ll\u00f3, L alaprajz\u00fa f\u00f6ldszintes al\u00e1pinc\u00e9zetlen, utcai \u00e9s udvari sz\u00e1rny\u00e1n is nyeregtet\u0151s kialak\u00edt\u00e1s\u00fa.<\/p>\n\n\n\n<p><a><\/a>Az \u00e9p\u00fclet f\u0151homlokzata a Batthy\u00e1ny utc\u00e1ra n\u00e9z, \u00e9p\u00edt\u00e9szeti tagozatai \u00e9s \u00e9p\u00fcletar\u00e1nya teszik karakteress\u00e9, amely \u00f6t axisos; n\u00e9gy ablak \u00e9s egy kaputengely osztja.<\/p>\n\n\n\n<p>A h\u00e1znak egy utcai bej\u00e1rata van. A kapu egyenes z\u00e1r\u00f3d\u00e1s\u00fa gy\u00e1mk\u00f6ves, toszk\u00e1n pilaszteres, bev\u00e9sett d\u00edsz\u0171 kapukerettel, kiugr\u00f3 ker\u00e9kvet\u0151vel, r\u00e9gi fakapuval \u00e9s z\u00e1rral, tagolatlan l\u00e1bazattal.<\/p>\n\n\n\n<p>Az ablakok mellett \u00e9s k\u00f6z\u00f6tt 1-1-2-2-1 darab alul \u00f6sszek\u00f6t\u00f6tt p\u00e1ros pilaszter tal\u00e1lhat\u00f3, fejezetk\u00e9nt 1-1 tekercsd\u00edszb\u0151l ki\u00edvel\u0151 kannel\u00far\u00e1zott konzollal. Egyenes z\u00e1r\u00f3d\u00e1s\u00fa ablakok m\u00e9ly\u00edtett falt\u00fck\u00f6rben, k\u00e9toldalt \u00e9s fel\u00fcl keskeny, tagozott kerettel. Tagozott koron\u00e1z\u00f3p\u00e1rk\u00e1ny; p\u00e1rk\u00e1ny alatt a pilaszterek alatti fals\u00edkban egym\u00e1sba fon\u00f3d\u00f3 karik\u00e1kb\u00f3l \u00e1ll\u00f3 d\u00edsz\u00edt\u0151s\u00e1v tal\u00e1lhat\u00f3. Az ablakok felett, a d\u00edsz\u00edt\u0151s\u00e1vra hajl\u00f3 sz\u00e9les lapos kagyl\u00f3d\u00edsz tal\u00e1lhat\u00f3.<\/p>\n\n\n\n<p>Az \u00e9p\u00fclet pall\u00f3tokos ny\u00edl\u00e1sz\u00e1r\u00f3i a vasalatok alapj\u00e1n elk\u00e9pzelhet\u0151, hogy \u00e9p\u00edt\u00e9skori &#8211; ha cser\u00e9lt\u00e9k is -, a 19. sz\u00e1zad els\u0151 fel\u00e9b\u0151l val\u00f3ak.<\/p>\n\n\n\n<figure class=\"wp-block-image size-large\"><img loading=\"lazy\" decoding=\"async\" width=\"1024\" height=\"762\" src=\"https:\/\/www.hilanimuhely.hu\/wp-content\/uploads\/2025\/09\/Dok1-1024x762.jpg\" alt=\"\" class=\"wp-image-465\" srcset=\"https:\/\/www.hilanimuhely.hu\/wp-content\/uploads\/2025\/09\/Dok1-1024x762.jpg 1024w, https:\/\/www.hilanimuhely.hu\/wp-content\/uploads\/2025\/09\/Dok1-300x223.jpg 300w, https:\/\/www.hilanimuhely.hu\/wp-content\/uploads\/2025\/09\/Dok1-768x572.jpg 768w, https:\/\/www.hilanimuhely.hu\/wp-content\/uploads\/2025\/09\/Dok1-81x60.jpg 81w, https:\/\/www.hilanimuhely.hu\/wp-content\/uploads\/2025\/09\/Dok1.jpg 1079w\" sizes=\"auto, (max-width: 1024px) 100vw, 1024px\" \/><\/figure>\n\n\n\n<figure class=\"wp-block-image size-large is-style-default\"><img loading=\"lazy\" decoding=\"async\" width=\"1024\" height=\"724\" src=\"https:\/\/www.hilanimuhely.hu\/wp-content\/uploads\/2025\/09\/01_batthy17_homlokzat_kicsi_01-3-1024x724.jpg\" alt=\"\" class=\"wp-image-454\" srcset=\"https:\/\/www.hilanimuhely.hu\/wp-content\/uploads\/2025\/09\/01_batthy17_homlokzat_kicsi_01-3-1024x724.jpg 1024w, https:\/\/www.hilanimuhely.hu\/wp-content\/uploads\/2025\/09\/01_batthy17_homlokzat_kicsi_01-3-300x212.jpg 300w, https:\/\/www.hilanimuhely.hu\/wp-content\/uploads\/2025\/09\/01_batthy17_homlokzat_kicsi_01-3-768x543.jpg 768w, https:\/\/www.hilanimuhely.hu\/wp-content\/uploads\/2025\/09\/01_batthy17_homlokzat_kicsi_01-3-1536x1086.jpg 1536w, https:\/\/www.hilanimuhely.hu\/wp-content\/uploads\/2025\/09\/01_batthy17_homlokzat_kicsi_01-3-85x60.jpg 85w, https:\/\/www.hilanimuhely.hu\/wp-content\/uploads\/2025\/09\/01_batthy17_homlokzat_kicsi_01-3.jpg 1850w\" sizes=\"auto, (max-width: 1024px) 100vw, 1024px\" \/><\/figure>\n\n\n\n<figure class=\"wp-block-gallery has-nested-images columns-default is-cropped wp-block-gallery-1 is-layout-flex wp-block-gallery-is-layout-flex\">\n<figure class=\"wp-block-image size-large\"><img loading=\"lazy\" decoding=\"async\" width=\"500\" height=\"631\" data-id=\"506\" src=\"https:\/\/www.hilanimuhely.hu\/wp-content\/uploads\/2025\/09\/f_diszites_kicsi_02.jpg\" alt=\"\" class=\"wp-image-506\" srcset=\"https:\/\/www.hilanimuhely.hu\/wp-content\/uploads\/2025\/09\/f_diszites_kicsi_02.jpg 500w, https:\/\/www.hilanimuhely.hu\/wp-content\/uploads\/2025\/09\/f_diszites_kicsi_02-238x300.jpg 238w, https:\/\/www.hilanimuhely.hu\/wp-content\/uploads\/2025\/09\/f_diszites_kicsi_02-48x60.jpg 48w\" sizes=\"auto, (max-width: 500px) 100vw, 500px\" \/><\/figure>\n\n\n\n<figure class=\"wp-block-image size-large\"><img loading=\"lazy\" decoding=\"async\" width=\"500\" height=\"618\" data-id=\"505\" src=\"https:\/\/www.hilanimuhely.hu\/wp-content\/uploads\/2025\/09\/f_ablak_kicsi_02.jpg\" alt=\"\" class=\"wp-image-505\" srcset=\"https:\/\/www.hilanimuhely.hu\/wp-content\/uploads\/2025\/09\/f_ablak_kicsi_02.jpg 500w, https:\/\/www.hilanimuhely.hu\/wp-content\/uploads\/2025\/09\/f_ablak_kicsi_02-243x300.jpg 243w, https:\/\/www.hilanimuhely.hu\/wp-content\/uploads\/2025\/09\/f_ablak_kicsi_02-49x60.jpg 49w\" sizes=\"auto, (max-width: 500px) 100vw, 500px\" \/><\/figure>\n<\/figure>\n\n\n\n<figure class=\"wp-block-image size-full\"><img loading=\"lazy\" decoding=\"async\" width=\"942\" height=\"697\" src=\"https:\/\/www.hilanimuhely.hu\/wp-content\/uploads\/2025\/09\/f_ablak_utcai_homlokzat.jpg\" alt=\"\" class=\"wp-image-459\" srcset=\"https:\/\/www.hilanimuhely.hu\/wp-content\/uploads\/2025\/09\/f_ablak_utcai_homlokzat.jpg 942w, https:\/\/www.hilanimuhely.hu\/wp-content\/uploads\/2025\/09\/f_ablak_utcai_homlokzat-300x222.jpg 300w, https:\/\/www.hilanimuhely.hu\/wp-content\/uploads\/2025\/09\/f_ablak_utcai_homlokzat-768x568.jpg 768w, https:\/\/www.hilanimuhely.hu\/wp-content\/uploads\/2025\/09\/f_ablak_utcai_homlokzat-81x60.jpg 81w\" sizes=\"auto, (max-width: 942px) 100vw, 942px\" \/><\/figure>\n\n\n\n<figure class=\"wp-block-gallery has-nested-images columns-default is-cropped wp-block-gallery-2 is-layout-flex wp-block-gallery-is-layout-flex\">\n<figure class=\"wp-block-image size-large\"><img loading=\"lazy\" decoding=\"async\" width=\"500\" height=\"707\" data-id=\"504\" src=\"https:\/\/www.hilanimuhely.hu\/wp-content\/uploads\/2025\/09\/kapu_kicsi_02.jpg\" alt=\"\" class=\"wp-image-504\" srcset=\"https:\/\/www.hilanimuhely.hu\/wp-content\/uploads\/2025\/09\/kapu_kicsi_02.jpg 500w, https:\/\/www.hilanimuhely.hu\/wp-content\/uploads\/2025\/09\/kapu_kicsi_02-212x300.jpg 212w, https:\/\/www.hilanimuhely.hu\/wp-content\/uploads\/2025\/09\/kapu_kicsi_02-42x60.jpg 42w\" sizes=\"auto, (max-width: 500px) 100vw, 500px\" \/><\/figure>\n\n\n\n<figure class=\"wp-block-image size-full\"><img loading=\"lazy\" decoding=\"async\" width=\"392\" height=\"516\" data-id=\"514\" src=\"https:\/\/www.hilanimuhely.hu\/wp-content\/uploads\/2025\/09\/f_kapu_teli_03-8.jpg\" alt=\"\" class=\"wp-image-514\" srcset=\"https:\/\/www.hilanimuhely.hu\/wp-content\/uploads\/2025\/09\/f_kapu_teli_03-8.jpg 392w, https:\/\/www.hilanimuhely.hu\/wp-content\/uploads\/2025\/09\/f_kapu_teli_03-8-228x300.jpg 228w, https:\/\/www.hilanimuhely.hu\/wp-content\/uploads\/2025\/09\/f_kapu_teli_03-8-46x60.jpg 46w\" sizes=\"auto, (max-width: 392px) 100vw, 392px\" \/><\/figure>\n<\/figure>\n\n\n\n<p><\/p>\n","protected":false},"excerpt":{"rendered":"<p>Homlokzatfel\u00faj\u00edt\u00e1si terv &#8211; Esztergom, Szent Tam\u00e1s A m\u0171eml\u00e9k ismertet\u00e9se: Az \u00e9p\u00fclet z\u00e1rtsor\u00fa be\u00e9p\u00edt\u00e9sben \u00e1ll\u00f3, L alaprajz\u00fa f\u00f6ldszintes al\u00e1pinc\u00e9zetlen, utcai \u00e9s udvari sz\u00e1rny\u00e1n is nyeregtet\u0151s kialak\u00edt\u00e1s\u00fa. &hellip; <\/p>\n","protected":false},"author":2,"featured_media":445,"comment_status":"open","ping_status":"open","sticky":false,"template":"","format":"standard","meta":{"footnotes":""},"categories":[11,22,6],"tags":[21,4],"class_list":["post-441","post","type-post","status-publish","format-standard","has-post-thumbnail","hentry","category-csaladihaz-lakohaz-muemlek","category-muemlek-epuletek","category-tervek","tag-muemlek-epuletek","tag-tervek","latest_post"],"_links":{"self":[{"href":"https:\/\/www.hilanimuhely.hu\/index.php?rest_route=\/wp\/v2\/posts\/441","targetHints":{"allow":["GET"]}}],"collection":[{"href":"https:\/\/www.hilanimuhely.hu\/index.php?rest_route=\/wp\/v2\/posts"}],"about":[{"href":"https:\/\/www.hilanimuhely.hu\/index.php?rest_route=\/wp\/v2\/types\/post"}],"author":[{"embeddable":true,"href":"https:\/\/www.hilanimuhely.hu\/index.php?rest_route=\/wp\/v2\/users\/2"}],"replies":[{"embeddable":true,"href":"https:\/\/www.hilanimuhely.hu\/index.php?rest_route=%2Fwp%2Fv2%2Fcomments&post=441"}],"version-history":[{"count":10,"href":"https:\/\/www.hilanimuhely.hu\/index.php?rest_route=\/wp\/v2\/posts\/441\/revisions"}],"predecessor-version":[{"id":520,"href":"https:\/\/www.hilanimuhely.hu\/index.php?rest_route=\/wp\/v2\/posts\/441\/revisions\/520"}],"wp:featuredmedia":[{"embeddable":true,"href":"https:\/\/www.hilanimuhely.hu\/index.php?rest_route=\/wp\/v2\/media\/445"}],"wp:attachment":[{"href":"https:\/\/www.hilanimuhely.hu\/index.php?rest_route=%2Fwp%2Fv2%2Fmedia&parent=441"}],"wp:term":[{"taxonomy":"category","embeddable":true,"href":"https:\/\/www.hilanimuhely.hu\/index.php?rest_route=%2Fwp%2Fv2%2Fcategories&post=441"},{"taxonomy":"post_tag","embeddable":true,"href":"https:\/\/www.hilanimuhely.hu\/index.php?rest_route=%2Fwp%2Fv2%2Ftags&post=441"}],"curies":[{"name":"wp","href":"https:\/\/api.w.org\/{rel}","templated":true}]}}