{"id":123,"date":"2022-05-23T06:58:01","date_gmt":"2022-05-23T06:58:01","guid":{"rendered":"https:\/\/www.hilanimuhely.hu\/?p=123"},"modified":"2025-09-17T09:23:52","modified_gmt":"2025-09-17T09:23:52","slug":"tarsashaz","status":"publish","type":"post","link":"https:\/\/www.hilanimuhely.hu\/?p=123","title":{"rendered":"T\u00e1rsash\u00e1z"},"content":{"rendered":"\n<p><strong>Helysz\u00edn:<\/strong>&nbsp;Eszergom, Imah\u00e1z utca<\/p>\n\n\n\n<p><strong>Tervez\u00e9s \u00e9ve:<\/strong>&nbsp;2019<\/p>\n\n\n\n<p><strong>Munkat\u00e1rsak:<\/strong>&nbsp;tervez\u0151 \u2013 M\u00e1t\u00e9 Edina, munkat\u00e1rs \u2013 Tibor Zsuzsanna<\/p>\n\n\n\n<p><strong>Megrendel\u0151:<\/strong>&nbsp;<\/p>\n\n\n\n<p><strong>St\u00e1tusz:<\/strong>&nbsp;meg\u00e9p\u00fclt<\/p>\n\n\n\n<p class=\"has-text-align-center\">Esztergom v\u00e1ros belv\u00e1ros\u00e1ban, k\u00f6zponti helyen l\u00e9v\u0151 fogh\u00edj-be\u00e9p\u00edt\u00e9sk\u00e9nt l\u00e9tes\u00fclt az \u00e9p\u00fclet.<\/p>\n\n\n\n<p class=\"has-text-align-center\">A h\u00e1z k\u00e9t f\u0151 \u00e9p\u00fclett\u00f6megb\u0151l \u00e1ll\u00f3, a telket keretesen k\u00f6r\u00fcl\u00f6lel\u0151 kialak\u00edt\u00e1s\u00fa.<\/p>\n\n\n\n<p class=\"has-text-align-center\">A be\u00e9p\u00edt\u00e9si vonal kialak\u00edt\u00e1s\u00e1n\u00e1l fontos szempont volt az \u00e9p\u00fclet k\u00e9nyelmes k\u00f6r\u00fclj\u00e1rhat\u00f3s\u00e1ga. A d\u00e9li jogi telekhat\u00e1r \u00e9s a k\u00f6zter\u00fcleti j\u00e1rda k\u00f6z\u00f6tt csup\u00e1n 20 cm-re cs\u00f6kken le a t\u00e1vols\u00e1g. \u00cdgy ezen a telekhat\u00e1ron az \u00e9p\u00fclet f\u00f6ldszinti falait visszah\u00faztuk a telekhat\u00e1rt\u00f3l, biztos\u00edtva a k\u00e9nyelmes gyalogos k\u00f6zleked\u00e9st az Imah\u00e1z utc\u00e1ban. Ugyanakkor az eredeti be\u00e9p\u00edt\u00e9si vonalat meg\u0151rizt\u00fck az I. \u00e9s a II. emeleti t\u00f6megek visszaugrat\u00e1s\u00e1val.<\/p>\n\n\n\n<p class=\"has-text-align-center\">Az \u00e9p\u00fclet 3 k\u00fcls\u0151 homlokzata 3 k\u00fcl\u00f6nb\u00f6z\u0151 szitu\u00e1ci\u00f3ban kell, hogy megtal\u00e1lja illeszked\u00e9si m\u00f3dj\u00e1t a k\u00f6rnyezettel, \u00fagy, hogy k\u00f6zben \u00f6nmaga m\u00e9gis egys\u00e9ges arculatot hordozzon. A Bajcsy-Zsilinszky utcai oldalon a historiz\u00e1l\u00f3 \u00e9p\u00fcletek \u00f6lel\u00e9s\u00e9ben a h\u00e1romszint magas \u00e9p\u00fclett\u00f6meg egyszer\u0171 lyuk-architekt\u00far\u00e1j\u00e1val kapcsol\u00f3dik, m\u00edg a Zsinag\u00f3ga melletti arculat k\u00e9tszintes kialak\u00edt\u00e1s\u00e1val, purit\u00e1n egyszer\u0171s\u00e9g\u00e9vel m\u00e9lt\u00f3 kerete, hat\u00e1rozott t\u00e9rfala az egykori szakr\u00e1lis \u00e9p\u00fcletnek. A sz\u0171k Imah\u00e1z utcai homlokzat v\u00e1ltoz\u00f3 magass\u00e1g\u00fa t\u00f6meg\u00e9vel \u00e9s konzolos kialak\u00edt\u00e1s\u00e1val nemcsak \u00f6sszek\u00f6t\u0151 elemk\u00e9nt jelenik meg, hanem dinamik\u00e1j\u00e1val feler\u0151s\u00edti a keskeny utc\u00e1cska lend\u00fclet\u00e9t.<\/p>\n\n\n\n<p class=\"has-text-align-center\">Az \u00e9p\u00fcletben 7 lak\u00e1s, 3 iroda \u00e9s 8 parkol\u00f3 l\u00e9tes\u00fclt.<\/p>\n\n\n\n<figure class=\"wp-block-gallery has-nested-images columns-default is-cropped wp-block-gallery-1 is-layout-flex wp-block-gallery-is-layout-flex\">\n<figure class=\"wp-block-image size-large\"><img loading=\"lazy\" decoding=\"async\" width=\"1024\" height=\"683\" data-id=\"124\" src=\"https:\/\/www.hilanimuhely.hu\/wp-content\/uploads\/2022\/05\/ACCamera-1024x683.jpg\" alt=\"\" class=\"wp-image-124\" srcset=\"https:\/\/www.hilanimuhely.hu\/wp-content\/uploads\/2022\/05\/ACCamera-1024x683.jpg 1024w, https:\/\/www.hilanimuhely.hu\/wp-content\/uploads\/2022\/05\/ACCamera-300x200.jpg 300w, https:\/\/www.hilanimuhely.hu\/wp-content\/uploads\/2022\/05\/ACCamera-768x512.jpg 768w, https:\/\/www.hilanimuhely.hu\/wp-content\/uploads\/2022\/05\/ACCamera-1536x1024.jpg 1536w, https:\/\/www.hilanimuhely.hu\/wp-content\/uploads\/2022\/05\/ACCamera-2048x1365.jpg 2048w, https:\/\/www.hilanimuhely.hu\/wp-content\/uploads\/2022\/05\/ACCamera-90x60.jpg 90w, https:\/\/www.hilanimuhely.hu\/wp-content\/uploads\/2022\/05\/ACCamera-420x280.jpg 420w\" sizes=\"auto, (max-width: 1024px) 100vw, 1024px\" \/><\/figure>\n\n\n\n<figure class=\"wp-block-image size-large\"><img loading=\"lazy\" decoding=\"async\" width=\"1024\" height=\"683\" data-id=\"125\" src=\"https:\/\/www.hilanimuhely.hu\/wp-content\/uploads\/2022\/05\/ACCamera_4-1024x683.jpg\" alt=\"\" class=\"wp-image-125\" srcset=\"https:\/\/www.hilanimuhely.hu\/wp-content\/uploads\/2022\/05\/ACCamera_4-1024x683.jpg 1024w, https:\/\/www.hilanimuhely.hu\/wp-content\/uploads\/2022\/05\/ACCamera_4-300x200.jpg 300w, https:\/\/www.hilanimuhely.hu\/wp-content\/uploads\/2022\/05\/ACCamera_4-768x512.jpg 768w, https:\/\/www.hilanimuhely.hu\/wp-content\/uploads\/2022\/05\/ACCamera_4-1536x1024.jpg 1536w, https:\/\/www.hilanimuhely.hu\/wp-content\/uploads\/2022\/05\/ACCamera_4-2048x1365.jpg 2048w, https:\/\/www.hilanimuhely.hu\/wp-content\/uploads\/2022\/05\/ACCamera_4-90x60.jpg 90w, https:\/\/www.hilanimuhely.hu\/wp-content\/uploads\/2022\/05\/ACCamera_4-420x280.jpg 420w\" sizes=\"auto, (max-width: 1024px) 100vw, 1024px\" \/><\/figure>\n\n\n\n<figure class=\"wp-block-image size-large\"><img loading=\"lazy\" decoding=\"async\" width=\"1024\" height=\"683\" data-id=\"126\" src=\"https:\/\/www.hilanimuhely.hu\/wp-content\/uploads\/2022\/05\/ACCamera_7-1024x683.jpg\" alt=\"\" class=\"wp-image-126\" srcset=\"https:\/\/www.hilanimuhely.hu\/wp-content\/uploads\/2022\/05\/ACCamera_7-1024x683.jpg 1024w, https:\/\/www.hilanimuhely.hu\/wp-content\/uploads\/2022\/05\/ACCamera_7-300x200.jpg 300w, https:\/\/www.hilanimuhely.hu\/wp-content\/uploads\/2022\/05\/ACCamera_7-768x512.jpg 768w, https:\/\/www.hilanimuhely.hu\/wp-content\/uploads\/2022\/05\/ACCamera_7-1536x1024.jpg 1536w, https:\/\/www.hilanimuhely.hu\/wp-content\/uploads\/2022\/05\/ACCamera_7-2048x1365.jpg 2048w, https:\/\/www.hilanimuhely.hu\/wp-content\/uploads\/2022\/05\/ACCamera_7-90x60.jpg 90w, https:\/\/www.hilanimuhely.hu\/wp-content\/uploads\/2022\/05\/ACCamera_7-420x280.jpg 420w\" sizes=\"auto, (max-width: 1024px) 100vw, 1024px\" \/><\/figure>\n\n\n\n<figure class=\"wp-block-image size-large\"><img loading=\"lazy\" decoding=\"async\" width=\"1024\" height=\"683\" data-id=\"127\" src=\"https:\/\/www.hilanimuhely.hu\/wp-content\/uploads\/2022\/05\/ACCamera_12-1024x683.jpg\" alt=\"\" class=\"wp-image-127\" srcset=\"https:\/\/www.hilanimuhely.hu\/wp-content\/uploads\/2022\/05\/ACCamera_12-1024x683.jpg 1024w, https:\/\/www.hilanimuhely.hu\/wp-content\/uploads\/2022\/05\/ACCamera_12-300x200.jpg 300w, https:\/\/www.hilanimuhely.hu\/wp-content\/uploads\/2022\/05\/ACCamera_12-768x512.jpg 768w, https:\/\/www.hilanimuhely.hu\/wp-content\/uploads\/2022\/05\/ACCamera_12-1536x1024.jpg 1536w, https:\/\/www.hilanimuhely.hu\/wp-content\/uploads\/2022\/05\/ACCamera_12-2048x1365.jpg 2048w, https:\/\/www.hilanimuhely.hu\/wp-content\/uploads\/2022\/05\/ACCamera_12-90x60.jpg 90w, https:\/\/www.hilanimuhely.hu\/wp-content\/uploads\/2022\/05\/ACCamera_12-420x280.jpg 420w\" sizes=\"auto, (max-width: 1024px) 100vw, 1024px\" \/><\/figure>\n\n\n\n<figure class=\"wp-block-image size-large\"><img loading=\"lazy\" decoding=\"async\" width=\"1024\" height=\"683\" data-id=\"128\" src=\"https:\/\/www.hilanimuhely.hu\/wp-content\/uploads\/2022\/05\/ACCamera_20-1024x683.jpg\" alt=\"\" class=\"wp-image-128\" srcset=\"https:\/\/www.hilanimuhely.hu\/wp-content\/uploads\/2022\/05\/ACCamera_20-1024x683.jpg 1024w, https:\/\/www.hilanimuhely.hu\/wp-content\/uploads\/2022\/05\/ACCamera_20-300x200.jpg 300w, https:\/\/www.hilanimuhely.hu\/wp-content\/uploads\/2022\/05\/ACCamera_20-768x512.jpg 768w, https:\/\/www.hilanimuhely.hu\/wp-content\/uploads\/2022\/05\/ACCamera_20-1536x1024.jpg 1536w, https:\/\/www.hilanimuhely.hu\/wp-content\/uploads\/2022\/05\/ACCamera_20-2048x1365.jpg 2048w, https:\/\/www.hilanimuhely.hu\/wp-content\/uploads\/2022\/05\/ACCamera_20-90x60.jpg 90w, https:\/\/www.hilanimuhely.hu\/wp-content\/uploads\/2022\/05\/ACCamera_20-420x280.jpg 420w\" sizes=\"auto, (max-width: 1024px) 100vw, 1024px\" \/><\/figure>\n<\/figure>\n\n\n\n<figure class=\"wp-block-image size-full\"><img loading=\"lazy\" decoding=\"async\" width=\"912\" height=\"760\" src=\"https:\/\/www.hilanimuhely.hu\/wp-content\/uploads\/2023\/09\/IMG_20230911_184913_korr3_instara.jpg\" alt=\"\" class=\"wp-image-345\" srcset=\"https:\/\/www.hilanimuhely.hu\/wp-content\/uploads\/2023\/09\/IMG_20230911_184913_korr3_instara.jpg 912w, https:\/\/www.hilanimuhely.hu\/wp-content\/uploads\/2023\/09\/IMG_20230911_184913_korr3_instara-300x250.jpg 300w, https:\/\/www.hilanimuhely.hu\/wp-content\/uploads\/2023\/09\/IMG_20230911_184913_korr3_instara-768x640.jpg 768w, https:\/\/www.hilanimuhely.hu\/wp-content\/uploads\/2023\/09\/IMG_20230911_184913_korr3_instara-72x60.jpg 72w\" sizes=\"auto, (max-width: 912px) 100vw, 912px\" \/><\/figure>\n\n\n\n<figure class=\"wp-block-image size-large\"><img decoding=\"async\" src=\"https:\/\/www.hilanimuhely.hu\/wp-content\/uploads\/2023\/09\/IMG_20230906_100928_korr2-2-1024x837.jpg\" alt=\"\" class=\"wp-image-281\"\/><\/figure>\n\n\n\n<figure class=\"wp-block-image size-large\"><img decoding=\"async\" src=\"https:\/\/www.hilanimuhely.hu\/wp-content\/uploads\/2023\/09\/IMG_20230906_101117_korr2-4-1024x835.jpg\" alt=\"\" class=\"wp-image-284\"\/><\/figure>\n\n\n\n<figure class=\"wp-block-image size-large\"><img decoding=\"async\" src=\"https:\/\/www.hilanimuhely.hu\/wp-content\/uploads\/2023\/09\/IMG_20230911_185005_korr2-2-1024x768.jpg\" alt=\"\" class=\"wp-image-285\"\/><\/figure>\n\n\n\n<figure class=\"wp-block-image size-large\"><img decoding=\"async\" src=\"https:\/\/www.hilanimuhely.hu\/wp-content\/uploads\/2023\/09\/IMG_20230906_100600_korr2-2-1024x830.jpg\" alt=\"\" class=\"wp-image-286\"\/><\/figure>\n\n\n\n<figure class=\"wp-block-image size-large\"><img loading=\"lazy\" decoding=\"async\" width=\"1024\" height=\"692\" src=\"https:\/\/www.hilanimuhely.hu\/wp-content\/uploads\/2023\/09\/belso_esti_korr_instara-1024x692.jpg\" alt=\"\" class=\"wp-image-343\" srcset=\"https:\/\/www.hilanimuhely.hu\/wp-content\/uploads\/2023\/09\/belso_esti_korr_instara-1024x692.jpg 1024w, https:\/\/www.hilanimuhely.hu\/wp-content\/uploads\/2023\/09\/belso_esti_korr_instara-300x203.jpg 300w, https:\/\/www.hilanimuhely.hu\/wp-content\/uploads\/2023\/09\/belso_esti_korr_instara-768x519.jpg 768w, https:\/\/www.hilanimuhely.hu\/wp-content\/uploads\/2023\/09\/belso_esti_korr_instara-89x60.jpg 89w, https:\/\/www.hilanimuhely.hu\/wp-content\/uploads\/2023\/09\/belso_esti_korr_instara.jpg 1124w\" sizes=\"auto, (max-width: 1024px) 100vw, 1024px\" \/><\/figure>\n","protected":false},"excerpt":{"rendered":"<p>Helysz\u00edn:&nbsp;Eszergom, Imah\u00e1z utca Tervez\u00e9s \u00e9ve:&nbsp;2019 Munkat\u00e1rsak:&nbsp;tervez\u0151 \u2013 M\u00e1t\u00e9 Edina, munkat\u00e1rs \u2013 Tibor Zsuzsanna Megrendel\u0151:&nbsp; St\u00e1tusz:&nbsp;meg\u00e9p\u00fclt Esztergom v\u00e1ros belv\u00e1ros\u00e1ban, k\u00f6zponti helyen l\u00e9v\u0151 fogh\u00edj-be\u00e9p\u00edt\u00e9sk\u00e9nt l\u00e9tes\u00fclt az \u00e9p\u00fclet. &hellip; <\/p>\n","protected":false},"author":1,"featured_media":345,"comment_status":"closed","ping_status":"closed","sticky":true,"template":"","format":"standard","meta":{"footnotes":""},"categories":[12],"tags":[18,4],"class_list":["post-123","post","type-post","status-publish","format-standard","has-post-thumbnail","hentry","category-tarsashaz","tag-esztergom","tag-tervek","latest_post"],"_links":{"self":[{"href":"https:\/\/www.hilanimuhely.hu\/index.php?rest_route=\/wp\/v2\/posts\/123","targetHints":{"allow":["GET"]}}],"collection":[{"href":"https:\/\/www.hilanimuhely.hu\/index.php?rest_route=\/wp\/v2\/posts"}],"about":[{"href":"https:\/\/www.hilanimuhely.hu\/index.php?rest_route=\/wp\/v2\/types\/post"}],"author":[{"embeddable":true,"href":"https:\/\/www.hilanimuhely.hu\/index.php?rest_route=\/wp\/v2\/users\/1"}],"replies":[{"embeddable":true,"href":"https:\/\/www.hilanimuhely.hu\/index.php?rest_route=%2Fwp%2Fv2%2Fcomments&post=123"}],"version-history":[{"count":11,"href":"https:\/\/www.hilanimuhely.hu\/index.php?rest_route=\/wp\/v2\/posts\/123\/revisions"}],"predecessor-version":[{"id":346,"href":"https:\/\/www.hilanimuhely.hu\/index.php?rest_route=\/wp\/v2\/posts\/123\/revisions\/346"}],"wp:featuredmedia":[{"embeddable":true,"href":"https:\/\/www.hilanimuhely.hu\/index.php?rest_route=\/wp\/v2\/media\/345"}],"wp:attachment":[{"href":"https:\/\/www.hilanimuhely.hu\/index.php?rest_route=%2Fwp%2Fv2%2Fmedia&parent=123"}],"wp:term":[{"taxonomy":"category","embeddable":true,"href":"https:\/\/www.hilanimuhely.hu\/index.php?rest_route=%2Fwp%2Fv2%2Fcategories&post=123"},{"taxonomy":"post_tag","embeddable":true,"href":"https:\/\/www.hilanimuhely.hu\/index.php?rest_route=%2Fwp%2Fv2%2Ftags&post=123"}],"curies":[{"name":"wp","href":"https:\/\/api.w.org\/{rel}","templated":true}]}}